{"id":728,"date":"2020-02-20T17:29:15","date_gmt":"2020-02-20T16:29:15","guid":{"rendered":"https:\/\/www.usf-an.pt\/academia-csp\/?p=728"},"modified":"2022-03-24T17:56:55","modified_gmt":"2022-03-24T16:56:55","slug":"leitura-critica-publicacao-e-borocracias-em-mgf-para-medicos-internos","status":"publish","type":"post","link":"https:\/\/www.usf-an.pt\/academia-csp\/tecnico-cientifica\/leitura-critica-publicacao-e-borocracias-em-mgf-para-medicos-internos\/","title":{"rendered":"Leitura cr\u00edtica, publica\u00e7\u00e3o e burocracias em MGF &#8211; para m\u00e9dicos internos"},"content":{"rendered":"<div class=\"wpb-content-wrapper\"><p>[vc_row css=&#8221;.vc_custom_1539945989023{margin-top: 0px !important;margin-bottom: 0px !important;padding-top: 0px !important;padding-bottom: 0px !important;}&#8221;][vc_column css=&#8221;.vc_custom_1539945999623{margin-top: 0px !important;margin-bottom: 0px !important;padding-top: 0px !important;padding-bottom: 0px !important;}&#8221;][vc_column_text css=&#8221;.vc_custom_1582214840495{margin-top: 0px !important;margin-bottom: 0px !important;padding-top: 0px !important;padding-bottom: 0px !important;}&#8221;]<img loading=\"lazy\" decoding=\"async\" class=\"size-medium wp-image-335 aligncenter\" src=\"https:\/\/www.usf-an.pt\/academia-csp\/wp-content\/uploads\/2018\/11\/internato-usf-300x187.png\" alt=\"\" width=\"300\" height=\"187\" srcset=\"https:\/\/www.usf-an.pt\/academia-csp\/wp-content\/uploads\/2018\/11\/internato-usf-300x187.png 300w, https:\/\/www.usf-an.pt\/academia-csp\/wp-content\/uploads\/2018\/11\/internato-usf.png 401w\" sizes=\"auto, (max-width: 300px) 100vw, 300px\" \/>[\/vc_column_text][\/vc_column][\/vc_row][vc_row gap=&#8221;10&#8243;][vc_column width=&#8221;2\/3&#8243;][vc_column_text]<\/p>\n<h4><span style=\"color: #ce151a;\"><strong>Pr\u00f3xima edi\u00e7\u00e3o<br \/>\n<\/strong><\/span><\/h4>\n<p>Sem data marcada.<strong><br \/>\n<\/strong>[\/vc_column_text][vc_column_text]<\/p>\n<h4><span style=\"color: #ce151a;\"><strong>Enquadramento<\/strong><\/span><\/h4>\n<p>A maioria dos m\u00e9dicos considera a sua forma\u00e7\u00e3o pr\u00e9 e p\u00f3s-graduada insuficiente na \u00e1rea das burocracias e leitura cr\u00edtica\/publica\u00e7\u00e3o de artigos cient\u00edficos.<\/p>\n<p>O pedido de emiss\u00e3o de Atestado de Doen\u00e7a\/Certificado de Incapacidade para o Trabalho e de relat\u00f3rio cl\u00ednico fazem parte da agenda di\u00e1ria do M\u00e9dico de Fam\u00edlia, pois s\u00e3o tarefas burocr\u00e1ticas que consomem tempo e recursos de sa\u00fade, nomeadamente da equipa de secretariado cl\u00ednico e da equipa m\u00e9dica. S\u00e3o ainda fonte de tens\u00e3o e desafio na rela\u00e7\u00e3o m\u00e9dico-doente.<\/p>\n<p>Uma correta forma\u00e7\u00e3o nesta \u00e1rea permite ao M\u00e9dico, por um lado, ser assertivo na emiss\u00e3o dos documentos que s\u00e3o da sua responsabilidade e, por outro, demitir-se da emiss\u00e3o de documentos desnecess\u00e1rios, no \u00e2mbito da sua compet\u00eancia de advocacia do utente e de gestor dos recursos em sa\u00fade.<\/p>\n<p>A pr\u00e1tica de Medicina Geral e Familiar est\u00e1 rodeada de incerteza e chegar a decis\u00f5es colaborativas com os doentes \u00e9 um exerc\u00edcio que requer a integra\u00e7\u00e3o das prefer\u00eancias dos doentes com a experi\u00eancia do m\u00e9dico e a melhor prova cient\u00edfica dispon\u00edvel. Manter-se ao corrente da melhor prova cient\u00edfica requer compet\u00eancias na leitura, interpreta\u00e7\u00e3o e avalia\u00e7\u00e3o de artigos cient\u00edficos.[\/vc_column_text][vc_column_text]<\/p>\n<h4><span style=\"color: #ce151a;\"><strong>Objetivos<\/strong><\/span><\/h4>\n<p><strong>BUROCRACIAS<\/strong><\/p>\n<ul>\n<li>Identificar o documento correto a utilizar em caso de doen\u00e7a ou assist\u00eancia a familiar doente;<\/li>\n<li>Preencher corretamente um certificado de incapacidade para o trabalho, de acordo com a situa\u00e7\u00e3o cl\u00ednica;<\/li>\n<li>Reconhecer as situa\u00e7\u00f5es que dispensam a emiss\u00e3o de certificado de incapacidade para o trabalho;<\/li>\n<li>Reconhecer as situa\u00e7\u00f5es de doen\u00e7a que o M\u00e9dico de Fam\u00edlia tem a responsabilidade de certificar e as que n\u00e3o s\u00e3o da sua responsabilidade;<\/li>\n<li>Saber como proceder perante um pedido de relat\u00f3rio cl\u00ednico, solicitado por Tribunal, Seguradora ou Terceira pessoa;<\/li>\n<li>Saber como proceder para solicitar a Escusa de Segredo M\u00e9dico na elabora\u00e7\u00e3o de relat\u00f3rios cl\u00ednicos;<\/li>\n<li>Apresentar o novo Estatuto do Maior Acompanhado, em vig\u00eancia desde 2018.<\/li>\n<\/ul>\n<p><strong>LEITURA CR\u00cdTICA E PUBLICA\u00c7\u00c3O DE ARTIGOS CIENT\u00cdFICOS<\/strong><\/p>\n<p>No final do curso os formandos dever\u00e3o ser capazes de ler criticamente um artigo m\u00e9dico, concretamente:<\/p>\n<ul>\n<li>identificar a pergunta de investiga\u00e7\u00e3o,<\/li>\n<li>avaliar a validade cient\u00edfica,<\/li>\n<li>interpretar os resultados e<\/li>\n<li>decidir se os resultados de artigos cient\u00edficos s\u00e3o aplic\u00e1veis \u00e0 sua pr\u00e1tica cl\u00ednica.<\/li>\n<\/ul>\n<p>No final do curso os formandos dever\u00e3o ser capazes de:<\/p>\n<ul>\n<li>Conhecer as normas internacionais de publica\u00e7\u00e3o (ICMJE)<\/li>\n<li>Escrever um artigo original para publica\u00e7\u00e3o numa revista cient\u00edfica<\/li>\n<li>Escolher as revistas cient\u00edficas com maior probabilidade de aceita\u00e7\u00e3o do artigo<\/li>\n<li>Sondar o interesse da equipa editorial previamente \u00e0 submiss\u00e3o do artigo<\/li>\n<\/ul>\n<p>[\/vc_column_text][vc_column_text css=&#8221;.vc_custom_1595500371963{margin-top: 40px !important;}&#8221;]<\/p>\n<h4><span style=\"color: #ce151a;\"><strong>Conte\u00fado program\u00e1tico<\/strong><\/span><\/h4>\n<ul>\n<li>Certificados de incapacidade para o trabalho &#8211; 3h<\/li>\n<li>Pedido de relat\u00f3rio cl\u00ednico (Tribunal, Seguradora, Por terceiros, Estatuto de Maior acompanhado, Escusa de Segredo M\u00e9dico) &#8211; 3h (29\/04\/2020)<\/li>\n<li>Leitura cr\u00edtica de artigos cient\u00edficos &#8211; 3h<\/li>\n<li>Publica\u00e7\u00e3o de artigos cient\u00edficos &#8211; 3h<\/li>\n<\/ul>\n<p><strong>M\u00c9TODOS<\/strong><\/p>\n<p><strong>\u00a0<\/strong><strong>BUROCRACIAS <\/strong><\/p>\n<ul>\n<li>Online \u2013 leitura de documentos pr\u00e9vios \u00e0 forma\u00e7\u00e3o<\/li>\n<li>Forma\u00e7\u00e3o em sala &#8211; M\u00e9todo Expositivo \u2013 apresenta\u00e7\u00e3o Powerpoint\u00ae e discuss\u00e3o de Casos pr\u00e1ticos, seguido de trabalho de grupo<\/li>\n<\/ul>\n<p><strong>LEITURA CR\u00cdTICA E PUBLICA\u00c7\u00c3O DE ARTIGOS CIENT\u00cdFICOS <\/strong><\/p>\n<ul>\n<li>Online \u2013 leitura de documentos pr\u00e9vios \u00e0 forma\u00e7\u00e3o<\/li>\n<li>O curso de leitura cr\u00edtica foca-se em estrat\u00e9gias r\u00e1pidas, auxiliares de mem\u00f3ria, desmistifica estat\u00edstica e tem avalia\u00e7\u00e3o regular do desempenho dos participantes.<\/li>\n<li>O curso de publica\u00e7\u00e3o de artigos cient\u00edficos foca-se em forma\u00e7\u00e3o em sala (m\u00e9todo expositivo) e realiza\u00e7\u00e3o de trabalhos em grupo.<\/li>\n<\/ul>\n<p>[\/vc_column_text][vc_column_text css=&#8221;.vc_custom_1595500390686{margin-top: 40px !important;}&#8221;]<\/p>\n<h4><span style=\"color: #ce151a;\"><strong>Organiza\u00e7\u00e3o<\/strong><\/span><\/h4>\n<p><strong>Modalidade<\/strong>: forma\u00e7\u00e3o online (5h) + forma\u00e7\u00e3o em contexto presencial (15h) + forma\u00e7\u00e3o\/acompanhamento em contexto de trabalho (10h)<br \/>\n\u2022 In\u00edcio da forma\u00e7\u00e3o assistida (online).<br \/>\n\u2022 Forma\u00e7\u00e3o em sala de 15 horas<br \/>\n\u2022 Acompanhamento de trabalho pr\u00e1tico: 10h de forma\u00e7\u00e3o assistida, solicitada pelos formandos, via online, para valida\u00e7\u00e3o, execu\u00e7\u00e3o e acompanhamento dos trabalhos na plataforma Campus Altice.[\/vc_column_text][vc_column_text css=&#8221;.vc_custom_1582215161492{margin-top: 40px !important;}&#8221;]<\/p>\n<h4><span style=\"color: #ce151a;\"><strong>Coordenadores<\/strong><\/span><\/h4>\n<p><strong>Coordenadores Cient\u00edficos<\/strong>:<\/p>\n<p><strong>BUROCRACIAS<\/strong><\/p>\n<ul>\n<li><strong>Rui Queiroz Val\u00e9rio<\/strong>, Assistente de MGF na USF Reynaldo dos Santos, Docente da Faculdade de Medicina da Universidade de Lisboa, Aluno da Faculdade de Direito da Universidade de Lisboa, Revisor da Acta M\u00e9dica Portuguesa, Orientador de Forma\u00e7\u00e3o do Internato M\u00e9dico de MGF.<\/li>\n<\/ul>\n<p><strong>\u00a0<\/strong><strong>LEITURA CR\u00cdTICA E PUBLICA\u00c7\u00c3O DE ARTIGOS CIENT\u00cdFICOS<\/strong><\/p>\n<ul>\n<li><strong>David Rodrigues<\/strong>, M\u00e9dico de Fam\u00edlia e Coordenador da Unidade de MGF do Hospital CUF Torres Vedras. Assistente Convidado da NOVA Medical School da Universidade NOVA de Lisboa, Coordenador Evidentia M\u00e9dica.<\/li>\n<\/ul>\n<p><strong>Coordenador Pedag\u00f3gico<\/strong>: <strong>Manuela Castanheira<\/strong>, Assistente de MGF na USF Nova Mateus, Orientadora de Forma\u00e7\u00e3o do Internato M\u00e9dico de MGF<br \/>\n<strong>Formador(es):<\/strong><\/p>\n<p><strong>BUROCRACIAS<\/strong><\/p>\n<ul>\n<li><strong>Rui Queiroz Val\u00e9rio<\/strong> (Assistente de MGF, USF Reynaldo dos Santos, Orientador de Forma\u00e7\u00e3o do Internato M\u00e9dico de MGF)<\/li>\n<li><strong>Carla Cardoso <\/strong>(Assistente de MGF, USF Reynaldo dos Santos, Orientadora de Forma\u00e7\u00e3o do Internato M\u00e9dico de MGF)<\/li>\n<li><strong>Beatriz Abreu Cruz <\/strong>(Interna de MGF, USF Reynaldo dos Santos)<\/li>\n<li><strong>Raquel F. Castro <\/strong>(Interna de MGF, USF Reynaldo dos Santos)<\/li>\n<\/ul>\n<p><strong>LEITURA CR\u00cdTICA E PUBLICA\u00c7\u00c3O DE ARTIGOS CIENT\u00cdFICOS<\/strong><\/p>\n<ul>\n<li><strong>David Rodrigues <\/strong>(Assistente de MGF, CUF; Docente NMS; Evidentia M\u00e9dica)<\/li>\n<li><strong>Tiago Villanueva <\/strong>(Assistente de MGF, USF Reynaldo dos Santos; Vice Presidente da Uni\u00e3o Europeia dos M\u00e9dicos de Fam\u00edlia (UEMO) Editor-chefe da Acta M\u00e9dica Portuguesa, Editor associado da BMJ)<\/li>\n<\/ul>\n<p>[\/vc_column_text][\/vc_column][vc_column width=&#8221;1\/3&#8243; css=&#8221;.vc_custom_1536850551059{margin-left: 10px !important;}&#8221;][vc_column_text css=&#8221;.vc_custom_1539945211585{margin-bottom: 10px !important;}&#8221;]<\/p>\n<h4><span style=\"color: #ce151a;\"><strong>Pre\u00e7o<\/strong><\/span><\/h4>\n<p>[\/vc_column_text][vc_row_inner][vc_column_inner width=&#8221;1\/2&#8243;][vc_column_text]<\/p>\n<h6>S\u00f3cio<\/h6>\n<h3 style=\"text-align: left;\"><span style=\"color: #99cc00;\"><strong>a definir<br \/>\n<\/strong><\/span><\/h3>\n<p>[\/vc_column_text][\/vc_column_inner][vc_column_inner width=&#8221;1\/2&#8243;][vc_column_text]<\/p>\n<h6>N\u00e3o S\u00f3cio<\/h6>\n<h3 style=\"text-align: left;\"><span style=\"color: #339966;\"><strong>a definir<br \/>\n<\/strong><\/span><\/h3>\n<p>[\/vc_column_text][\/vc_column_inner][\/vc_row_inner][vc_column_text css=&#8221;.vc_custom_1581606903984{margin-bottom: 10px !important;}&#8221;]<\/p>\n<h4><span style=\"color: #ce151a;\"><strong>NOTAS<\/strong><\/span><\/h4>\n<p>Se \u00e9 associado da USF-AN e pretende fazer a sua inscri\u00e7\u00e3o como s\u00f3cio, dever\u00e1 <a href=\"https:\/\/www.usf-an.pt\/area-reservada\/\" target=\"_blank\" rel=\"noopener\">iniciar sess\u00e3o<\/a> no portal da USF-AN e posteriormente fazer clique no bot\u00e3o abaixo.<\/p>\n<p><strong>INSCRI\u00c7\u00c3O PELOS INCENTIVOS INSTITUCIONAIS<\/strong><\/p>\n<p>Caso pretenda realizar a inscri\u00e7\u00e3o atrav\u00e9s dos incentivos institucionais, por favor lei a informa\u00e7\u00e3o dispon\u00edvel no pdf para garantir que a mesma cumpre os requisitos necess\u00e1rios.\u00a0<a href=\"https:\/\/app.box.com\/s\/cv90wqnrqrlp6ltto9hk0yca9jdz0b7l\" target=\"_blank\" rel=\"noopener\"><img loading=\"lazy\" decoding=\"async\" class=\"alignnone size-full wp-image-77\" src=\"https:\/\/www.usf-an.pt\/academia-csp\/wp-content\/uploads\/2018\/09\/pdf20.png\" alt=\"\" width=\"20\" height=\"20\" \/><\/a>[\/vc_column_text][vc_btn title=&#8221;INSCRI\u00c7\u00c3O PARA S\u00d3CIOS&#8221; color=&#8221;success&#8221; align=&#8221;center&#8221; i_icon_fontawesome=&#8221;fa fa-user&#8221; add_icon=&#8221;true&#8221; link=&#8221;url:https%3A%2F%2Fwww.usf-an.pt%2Fproduto%2Fcaf-socios-leitura-critica-publicacao-e-burocracias-em-mgf%2F|||&#8221; el_class=&#8221;btnfull&#8221;][vc_btn title=&#8221;INSCRI\u00c7\u00c3O PARA N\u00c3O S\u00d3CIOS&#8221; color=&#8221;danger&#8221; align=&#8221;center&#8221; i_icon_fontawesome=&#8221;fa fa-user&#8221; add_icon=&#8221;true&#8221; link=&#8221;url:https%3A%2F%2Fwww.usf-an.pt%2Fproduto%2Fcaf-nao-socios-leitura-critica-publicacao-e-burocracias-em-mgf%2F|||&#8221; el_class=&#8221;btnfull&#8221;][vc_btn title=&#8221;TORNAR-ME S\u00d3CIO&#8221; color=&#8221;warning&#8221; align=&#8221;center&#8221; i_icon_fontawesome=&#8221;fa fa-user&#8221; add_icon=&#8221;true&#8221; link=&#8221;url:https%3A%2F%2Fwww.usf-an.pt%2Fsocios%2Fnovo-socio%2Ffazer-se-socio%2F||target:%20_blank|&#8221; el_class=&#8221;btnfull&#8221;][\/vc_column][\/vc_row]<\/p>\n<\/div>","protected":false},"excerpt":{"rendered":"<p>[vc_row css=&#8221;.vc_custom_1539945989023{margin-top: 0px !important;margin-bottom: 0px !important;padding-top: 0px !important;padding-bottom: 0px !important;}&#8221;][vc_column css=&#8221;.vc_custom_1539945999623{margin-top: 0px !important;margin-bottom: 0px !important;padding-top: 0px !important;padding-bottom: 0px !important;}&#8221;][vc_column_text css=&#8221;.vc_custom_1582214840495{margin-top: 0px !important;margin-bottom: 0px !important;padding-top: 0px !important;padding-bottom: 0px !important;}&#8221;][\/vc_column_text][\/vc_column][\/vc_row][vc_row gap=&#8221;10&#8243;][vc_column width=&#8221;2\/3&#8243;][vc_column_text]&#8230;<\/p>\n","protected":false},"author":2,"featured_media":335,"comment_status":"closed","ping_status":"closed","sticky":false,"template":"","format":"standard","meta":{"footnotes":""},"categories":[4],"tags":[],"class_list":["post-728","post","type-post","status-publish","format-standard","has-post-thumbnail","hentry","category-tecnico-cientifica"],"aioseo_notices":[],"_links":{"self":[{"href":"https:\/\/www.usf-an.pt\/academia-csp\/wp-json\/wp\/v2\/posts\/728","targetHints":{"allow":["GET"]}}],"collection":[{"href":"https:\/\/www.usf-an.pt\/academia-csp\/wp-json\/wp\/v2\/posts"}],"about":[{"href":"https:\/\/www.usf-an.pt\/academia-csp\/wp-json\/wp\/v2\/types\/post"}],"author":[{"embeddable":true,"href":"https:\/\/www.usf-an.pt\/academia-csp\/wp-json\/wp\/v2\/users\/2"}],"replies":[{"embeddable":true,"href":"https:\/\/www.usf-an.pt\/academia-csp\/wp-json\/wp\/v2\/comments?post=728"}],"version-history":[{"count":2,"href":"https:\/\/www.usf-an.pt\/academia-csp\/wp-json\/wp\/v2\/posts\/728\/revisions"}],"predecessor-version":[{"id":779,"href":"https:\/\/www.usf-an.pt\/academia-csp\/wp-json\/wp\/v2\/posts\/728\/revisions\/779"}],"wp:featuredmedia":[{"embeddable":true,"href":"https:\/\/www.usf-an.pt\/academia-csp\/wp-json\/wp\/v2\/media\/335"}],"wp:attachment":[{"href":"https:\/\/www.usf-an.pt\/academia-csp\/wp-json\/wp\/v2\/media?parent=728"}],"wp:term":[{"taxonomy":"category","embeddable":true,"href":"https:\/\/www.usf-an.pt\/academia-csp\/wp-json\/wp\/v2\/categories?post=728"},{"taxonomy":"post_tag","embeddable":true,"href":"https:\/\/www.usf-an.pt\/academia-csp\/wp-json\/wp\/v2\/tags?post=728"}],"curies":[{"name":"wp","href":"https:\/\/api.w.org\/{rel}","templated":true}]}}