{"id":680,"date":"2020-02-06T17:10:32","date_gmt":"2020-02-06T16:10:32","guid":{"rendered":"https:\/\/www.usf-an.pt\/academia-csp\/?p=680"},"modified":"2022-03-24T17:55:39","modified_gmt":"2022-03-24T16:55:39","slug":"fazer-o-plano-de-prevecao-da-violencia-no-local-trabalho-para-sua-unidade-numa-prespetiva-de-ciclo-vida","status":"publish","type":"post","link":"https:\/\/www.usf-an.pt\/academia-csp\/comportamental\/fazer-o-plano-de-prevecao-da-violencia-no-local-trabalho-para-sua-unidade-numa-prespetiva-de-ciclo-vida\/","title":{"rendered":"Fazer o Plano de preven\u00e7\u00e3o da viol\u00eancia no local de trabalho para a sua unidade numa perspetiva de Ciclo de Vida"},"content":{"rendered":"<div class=\"wpb-content-wrapper\"><p>[vc_row css=&#8221;.vc_custom_1539945989023{margin-top: 0px !important;margin-bottom: 0px !important;padding-top: 0px !important;padding-bottom: 0px !important;}&#8221;][vc_column css=&#8221;.vc_custom_1539945999623{margin-top: 0px !important;margin-bottom: 0px !important;padding-top: 0px !important;padding-bottom: 0px !important;}&#8221;][vc_column_text css=&#8221;.vc_custom_1581005274317{margin-top: 0px !important;margin-bottom: 0px !important;padding-top: 0px !important;padding-bottom: 0px !important;}&#8221;]<img loading=\"lazy\" decoding=\"async\" class=\"size-medium wp-image-681 aligncenter\" src=\"https:\/\/www.usf-an.pt\/academia-csp\/wp-content\/uploads\/2020\/02\/prevencao-violencia-300x187.png\" alt=\"\" width=\"300\" height=\"187\" srcset=\"https:\/\/www.usf-an.pt\/academia-csp\/wp-content\/uploads\/2020\/02\/prevencao-violencia-300x187.png 300w, https:\/\/www.usf-an.pt\/academia-csp\/wp-content\/uploads\/2020\/02\/prevencao-violencia.png 401w\" sizes=\"auto, (max-width: 300px) 100vw, 300px\" \/>[\/vc_column_text][\/vc_column][\/vc_row][vc_row gap=&#8221;10&#8243;][vc_column width=&#8221;2\/3&#8243;][vc_column_text]<em>*programa em atualiza\u00e7\u00e3o<\/em>[\/vc_column_text][vc_column_text]<\/p>\n<h4><span style=\"color: #ce151a;\"><strong>Pr\u00f3xima edi\u00e7\u00e3o<br \/>\n<\/strong><\/span><\/h4>\n<p>Dias 30 de junho e 01 de julho, na ESS da Universidade de Aveiro.[\/vc_column_text][vc_column_text]<\/p>\n<h4><span style=\"color: #ce151a;\"><strong>Enquadramento<\/strong><\/span><\/h4>\n<p>Informa\u00e7\u00e3o brevemente dispon\u00edvel.[\/vc_column_text][vc_column_text]<\/p>\n<h4><span style=\"color: #ce151a;\"><strong>Objetivos<\/strong><\/span><\/h4>\n<p>Informa\u00e7\u00e3o brevemente dispon\u00edvel.[\/vc_column_text][vc_column_text css=&#8221;.vc_custom_1581004710551{margin-top: 40px !important;}&#8221;]<\/p>\n<h4><span style=\"color: #ce151a;\"><strong>Conte\u00fado program\u00e1tico<\/strong><\/span><\/h4>\n<p>Informa\u00e7\u00e3o brevemente dispon\u00edvel.[\/vc_column_text][vc_column_text css=&#8221;.vc_custom_1595500750366{margin-top: 40px !important;}&#8221;]<\/p>\n<h4><span style=\"color: #ce151a;\"><strong>Organiza\u00e7\u00e3o<\/strong><\/span><\/h4>\n<p><strong>Modalidade<\/strong>: forma\u00e7\u00e3o online (5h) + forma\u00e7\u00e3o em contexto presencial (15h) + forma\u00e7\u00e3o\/acompanhamento em contexto de trabalho (10h)<br \/>\n\u2022 In\u00edcio da forma\u00e7\u00e3o assistida (online).<br \/>\n\u2022 Forma\u00e7\u00e3o em sala de 15 horas<br \/>\n\u2022 Acompanhamento de trabalho pr\u00e1tico: 10h de forma\u00e7\u00e3o assistida, solicitada pelos formandos, via online, para valida\u00e7\u00e3o, execu\u00e7\u00e3o e acompanhamento dos trabalhos na plataforma Campus Altice.[\/vc_column_text][vc_column_text css=&#8221;.vc_custom_1581005425700{margin-top: 40px !important;}&#8221;]<\/p>\n<h4><span style=\"color: #ce151a;\"><strong>Coordenadores<\/strong><\/span><\/h4>\n<p><strong>Coordenador Cient\u00edfico<\/strong>: Andr\u00e9 Biscaia, Coordenador do Plano de A\u00e7\u00e3o para a Preven\u00e7\u00e3o da Viol\u00eancia no Setor da Sa\u00fade<br \/>\n<strong>Coordenador Pedag\u00f3gico<\/strong>: Daniela Machado, Coordenadora do Programa Nacional de Preven\u00e7\u00e3o da Viol\u00eancia no Ciclo de Vida da Dire\u00e7\u00e3o-Geral de Sa\u00fade<br \/>\n<strong>Formador(es):<\/strong> Andr\u00e9 Biscaia e Daniela Machado[\/vc_column_text][\/vc_column][vc_column width=&#8221;1\/3&#8243; css=&#8221;.vc_custom_1536850551059{margin-left: 10px !important;}&#8221;][vc_column_text css=&#8221;.vc_custom_1539945211585{margin-bottom: 10px !important;}&#8221;]<\/p>\n<h4><span style=\"color: #ce151a;\"><strong>Pre\u00e7o<\/strong><\/span><\/h4>\n<p>[\/vc_column_text][vc_row_inner][vc_column_inner width=&#8221;1\/2&#8243;][vc_column_text]<\/p>\n<h6>S\u00f3cio<\/h6>\n<h3 style=\"text-align: left;\"><span style=\"color: #99cc00;\"><strong>a definir<br \/>\n<\/strong><\/span><\/h3>\n<p>[\/vc_column_text][\/vc_column_inner][vc_column_inner width=&#8221;1\/2&#8243;][vc_column_text]<\/p>\n<h6>N\u00e3o S\u00f3cio<\/h6>\n<h3 style=\"text-align: left;\"><span style=\"color: #339966;\"><strong>a definir<br \/>\n<\/strong><\/span><\/h3>\n<p>[\/vc_column_text][\/vc_column_inner][\/vc_row_inner][vc_column_text css=&#8221;.vc_custom_1581610560160{margin-bottom: 10px !important;}&#8221;]<\/p>\n<h4><span style=\"color: #ce151a;\"><strong>NOTAS<\/strong><\/span><\/h4>\n<p>Se \u00e9 associado da USF-AN e pretende fazer a sua inscri\u00e7\u00e3o como s\u00f3cio, dever\u00e1 <a href=\"https:\/\/www.usf-an.pt\/area-reservada\/\" target=\"_blank\" rel=\"noopener\">iniciar sess\u00e3o<\/a> no portal da USF-AN e posteriormente fazer clique no bot\u00e3o abaixo.<\/p>\n<p><strong>INSCRI\u00c7\u00c3O PELOS INCENTIVOS INSTITUCIONAIS<\/strong><\/p>\n<p>Caso pretenda realizar a inscri\u00e7\u00e3o atrav\u00e9s dos incentivos institucionais, por favor lei a informa\u00e7\u00e3o dispon\u00edvel no pdf para garantir que a mesma cumpre os requisitos necess\u00e1rios.\u00a0<a href=\"https:\/\/app.box.com\/s\/cv90wqnrqrlp6ltto9hk0yca9jdz0b7l\" target=\"_blank\" rel=\"noopener\"><img loading=\"lazy\" decoding=\"async\" class=\"alignnone size-full wp-image-77\" src=\"https:\/\/www.usf-an.pt\/academia-csp\/wp-content\/uploads\/2018\/09\/pdf20.png\" alt=\"\" width=\"20\" height=\"20\" \/><\/a>[\/vc_column_text][vc_btn title=&#8221;INSCRI\u00c7\u00c3O PARA S\u00d3CIOS&#8221; color=&#8221;success&#8221; align=&#8221;center&#8221; i_icon_fontawesome=&#8221;fa fa-user&#8221; add_icon=&#8221;true&#8221; link=&#8221;url:https%3A%2F%2Fwww.usf-an.pt%2Fproduto%2Fcaf-socios-prevencao-da-violencia-no-local-de-trabalho%2F|||&#8221; el_class=&#8221;btnfull&#8221;][vc_btn title=&#8221;INSCRI\u00c7\u00c3O PARA N\u00c3O-S\u00d3CIOS&#8221; color=&#8221;danger&#8221; align=&#8221;center&#8221; i_icon_fontawesome=&#8221;fa fa-user&#8221; add_icon=&#8221;true&#8221; link=&#8221;url:https%3A%2F%2Fwww.usf-an.pt%2Fproduto%2Fcaf-nao-socios-prevencao-da-violencia-no-local-de-trabalho%2F|||&#8221; el_class=&#8221;btnfull&#8221;][vc_btn title=&#8221;TORNAR-ME S\u00d3CIO&#8221; color=&#8221;warning&#8221; align=&#8221;center&#8221; i_icon_fontawesome=&#8221;fa fa-user&#8221; add_icon=&#8221;true&#8221; link=&#8221;url:https%3A%2F%2Fwww.usf-an.pt%2Fsocios%2Fnovo-socio%2Ffazer-se-socio%2F||target:%20_blank|&#8221; el_class=&#8221;btnfull&#8221;][\/vc_column][\/vc_row]<\/p>\n<\/div>","protected":false},"excerpt":{"rendered":"<p>[vc_row css=&#8221;.vc_custom_1539945989023{margin-top: 0px !important;margin-bottom: 0px !important;padding-top: 0px !important;padding-bottom: 0px !important;}&#8221;][vc_column css=&#8221;.vc_custom_1539945999623{margin-top: 0px !important;margin-bottom: 0px !important;padding-top: 0px !important;padding-bottom: 0px !important;}&#8221;][vc_column_text css=&#8221;.vc_custom_1581005274317{margin-top: 0px !important;margin-bottom: 0px !important;padding-top: 0px !important;padding-bottom: 0px !important;}&#8221;][\/vc_column_text][\/vc_column][\/vc_row][vc_row gap=&#8221;10&#8243;][vc_column width=&#8221;2\/3&#8243;][vc_column_text]*programa&#8230;<\/p>\n","protected":false},"author":2,"featured_media":681,"comment_status":"closed","ping_status":"closed","sticky":false,"template":"","format":"standard","meta":{"footnotes":""},"categories":[1],"tags":[],"class_list":["post-680","post","type-post","status-publish","format-standard","has-post-thumbnail","hentry","category-comportamental"],"aioseo_notices":[],"_links":{"self":[{"href":"https:\/\/www.usf-an.pt\/academia-csp\/wp-json\/wp\/v2\/posts\/680","targetHints":{"allow":["GET"]}}],"collection":[{"href":"https:\/\/www.usf-an.pt\/academia-csp\/wp-json\/wp\/v2\/posts"}],"about":[{"href":"https:\/\/www.usf-an.pt\/academia-csp\/wp-json\/wp\/v2\/types\/post"}],"author":[{"embeddable":true,"href":"https:\/\/www.usf-an.pt\/academia-csp\/wp-json\/wp\/v2\/users\/2"}],"replies":[{"embeddable":true,"href":"https:\/\/www.usf-an.pt\/academia-csp\/wp-json\/wp\/v2\/comments?post=680"}],"version-history":[{"count":3,"href":"https:\/\/www.usf-an.pt\/academia-csp\/wp-json\/wp\/v2\/posts\/680\/revisions"}],"predecessor-version":[{"id":778,"href":"https:\/\/www.usf-an.pt\/academia-csp\/wp-json\/wp\/v2\/posts\/680\/revisions\/778"}],"wp:featuredmedia":[{"embeddable":true,"href":"https:\/\/www.usf-an.pt\/academia-csp\/wp-json\/wp\/v2\/media\/681"}],"wp:attachment":[{"href":"https:\/\/www.usf-an.pt\/academia-csp\/wp-json\/wp\/v2\/media?parent=680"}],"wp:term":[{"taxonomy":"category","embeddable":true,"href":"https:\/\/www.usf-an.pt\/academia-csp\/wp-json\/wp\/v2\/categories?post=680"},{"taxonomy":"post_tag","embeddable":true,"href":"https:\/\/www.usf-an.pt\/academia-csp\/wp-json\/wp\/v2\/tags?post=680"}],"curies":[{"name":"wp","href":"https:\/\/api.w.org\/{rel}","templated":true}]}}